{"id":3805,"date":"2025-09-22T13:28:59","date_gmt":"2025-09-22T13:28:59","guid":{"rendered":"https:\/\/www.rokultur.lu\/?p=3805"},"modified":"2025-11-14T13:56:11","modified_gmt":"2025-11-14T13:56:11","slug":"regina-maria-o-viata-pentru-romania","status":"publish","type":"post","link":"https:\/\/www.rokultur.lu\/fr\/regina-maria-o-viata-pentru-romania\/","title":{"rendered":"\"Queen Maria \u2013 Une vie pour la Roumanie\""},"content":{"rendered":"<p>Le 25 octobre, nous avons c\u00e9l\u00e9br\u00e9 la reine Marie 150 ans apr\u00e8s sa naissance au Luxembourg. Nous avons \u00e9t\u00e9 rejoints par l'historienne Anita Sterea qui nous a ravis d'histoires sur l'enfance, la jeunesse et la vie de la jeune princesse, devenue reine de la Grande Roumanie.<\/p>\n\n\n\n<figure class=\"wp-block-gallery has-nested-images columns-default is-cropped wp-block-gallery-1 is-layout-flex wp-block-gallery-is-layout-flex\">\n<figure class=\"wp-block-image size-medium\"><a href=\"https:\/\/www.rokultur.lu\/wp-content\/uploads\/2025\/09\/D5D9777-1-scaled.jpg\"><img fetchpriority=\"high\" decoding=\"async\" width=\"300\" height=\"200\" data-id=\"3817\" src=\"https:\/\/www.rokultur.lu\/wp-content\/uploads\/2025\/09\/D5D9777-1-300x200.jpg\" alt=\"\" class=\"wp-image-3817\" srcset=\"https:\/\/www.rokultur.lu\/wp-content\/uploads\/2025\/09\/D5D9777-1-300x200.jpg 300w, https:\/\/www.rokultur.lu\/wp-content\/uploads\/2025\/09\/D5D9777-1-1024x683.jpg 1024w, https:\/\/www.rokultur.lu\/wp-content\/uploads\/2025\/09\/D5D9777-1-768x512.jpg 768w, https:\/\/www.rokultur.lu\/wp-content\/uploads\/2025\/09\/D5D9777-1-1536x1024.jpg 1536w, https:\/\/www.rokultur.lu\/wp-content\/uploads\/2025\/09\/D5D9777-1-2048x1365.jpg 2048w, https:\/\/www.rokultur.lu\/wp-content\/uploads\/2025\/09\/D5D9777-1-18x12.jpg 18w\" sizes=\"(max-width: 300px) 100vw, 300px\" \/><\/a><\/figure>\n\n\n\n<figure class=\"wp-block-image size-medium\"><a href=\"https:\/\/www.rokultur.lu\/wp-content\/uploads\/2025\/09\/D5S5464-scaled.jpg\"><img decoding=\"async\" width=\"300\" height=\"200\" data-id=\"3813\" src=\"https:\/\/www.rokultur.lu\/wp-content\/uploads\/2025\/09\/D5S5464-300x200.jpg\" alt=\"\" class=\"wp-image-3813\" srcset=\"https:\/\/www.rokultur.lu\/wp-content\/uploads\/2025\/09\/D5S5464-300x200.jpg 300w, https:\/\/www.rokultur.lu\/wp-content\/uploads\/2025\/09\/D5S5464-1024x683.jpg 1024w, https:\/\/www.rokultur.lu\/wp-content\/uploads\/2025\/09\/D5S5464-768x512.jpg 768w, https:\/\/www.rokultur.lu\/wp-content\/uploads\/2025\/09\/D5S5464-1536x1024.jpg 1536w, https:\/\/www.rokultur.lu\/wp-content\/uploads\/2025\/09\/D5S5464-2048x1365.jpg 2048w, https:\/\/www.rokultur.lu\/wp-content\/uploads\/2025\/09\/D5S5464-18x12.jpg 18w\" sizes=\"(max-width: 300px) 100vw, 300px\" \/><\/a><\/figure>\n\n\n\n<figure class=\"wp-block-image size-medium\"><a href=\"https:\/\/www.rokultur.lu\/wp-content\/uploads\/2025\/09\/D5S5483-1-scaled.jpg\"><img decoding=\"async\" width=\"300\" height=\"200\" data-id=\"3818\" src=\"https:\/\/www.rokultur.lu\/wp-content\/uploads\/2025\/09\/D5S5483-1-300x200.jpg\" alt=\"\" class=\"wp-image-3818\" srcset=\"https:\/\/www.rokultur.lu\/wp-content\/uploads\/2025\/09\/D5S5483-1-300x200.jpg 300w, https:\/\/www.rokultur.lu\/wp-content\/uploads\/2025\/09\/D5S5483-1-1024x683.jpg 1024w, https:\/\/www.rokultur.lu\/wp-content\/uploads\/2025\/09\/D5S5483-1-768x512.jpg 768w, https:\/\/www.rokultur.lu\/wp-content\/uploads\/2025\/09\/D5S5483-1-1536x1024.jpg 1536w, https:\/\/www.rokultur.lu\/wp-content\/uploads\/2025\/09\/D5S5483-1-2048x1365.jpg 2048w, https:\/\/www.rokultur.lu\/wp-content\/uploads\/2025\/09\/D5S5483-1-18x12.jpg 18w\" sizes=\"(max-width: 300px) 100vw, 300px\" \/><\/a><\/figure>\n<\/figure>\n\n\n\n<p><a><\/a>Nous avons essay\u00e9 de rapprocher un morceau du monde de la Reine \u00e0 travers une petite exposition d'objets des \u00e9poques qu'elle a travers\u00e9es et aim\u00e9es: Belle Epoque, Art Nouveau et Art D\u00e9co. J'ai senti le parfum de la reine cr\u00e9\u00e9 sp\u00e9cialement pour elle par la maison Houbigant, j'ai senti les fleurs pr\u00e9f\u00e9r\u00e9es de la reine, les lys, j'ai heurt\u00e9 une tasse p\u00e9tillante du fournisseur de la maison royale, j'ai parcouru les livres \u00e9crits par la reine ou ceux \u00e9crits sur la reine Mary et la famille royale et j'ai appr\u00e9ci\u00e9 les bonbons de la reine Mary de la maison Capsa.<\/p>\n\n\n\n<figure class=\"wp-block-gallery has-nested-images columns-default is-cropped wp-block-gallery-2 is-layout-flex wp-block-gallery-is-layout-flex\">\n<figure class=\"wp-block-image size-medium\"><a href=\"https:\/\/www.rokultur.lu\/wp-content\/uploads\/2025\/09\/D5S5675-scaled.jpg\"><img loading=\"lazy\" decoding=\"async\" width=\"200\" height=\"300\" data-id=\"3821\" src=\"https:\/\/www.rokultur.lu\/wp-content\/uploads\/2025\/09\/D5S5675-200x300.jpg\" alt=\"\" class=\"wp-image-3821\" srcset=\"https:\/\/www.rokultur.lu\/wp-content\/uploads\/2025\/09\/D5S5675-200x300.jpg 200w, https:\/\/www.rokultur.lu\/wp-content\/uploads\/2025\/09\/D5S5675-683x1024.jpg 683w, https:\/\/www.rokultur.lu\/wp-content\/uploads\/2025\/09\/D5S5675-768x1152.jpg 768w, https:\/\/www.rokultur.lu\/wp-content\/uploads\/2025\/09\/D5S5675-1024x1536.jpg 1024w, https:\/\/www.rokultur.lu\/wp-content\/uploads\/2025\/09\/D5S5675-1365x2048.jpg 1365w, https:\/\/www.rokultur.lu\/wp-content\/uploads\/2025\/09\/D5S5675-8x12.jpg 8w, https:\/\/www.rokultur.lu\/wp-content\/uploads\/2025\/09\/D5S5675-scaled.jpg 1707w\" sizes=\"(max-width: 200px) 100vw, 200px\" \/><\/a><\/figure>\n\n\n\n<figure class=\"wp-block-image size-medium\"><a href=\"https:\/\/www.rokultur.lu\/wp-content\/uploads\/2025\/09\/D5S5671-1-scaled.jpg\"><img loading=\"lazy\" decoding=\"async\" width=\"200\" height=\"300\" data-id=\"3822\" src=\"https:\/\/www.rokultur.lu\/wp-content\/uploads\/2025\/09\/D5S5671-1-200x300.jpg\" alt=\"\" class=\"wp-image-3822\" srcset=\"https:\/\/www.rokultur.lu\/wp-content\/uploads\/2025\/09\/D5S5671-1-200x300.jpg 200w, https:\/\/www.rokultur.lu\/wp-content\/uploads\/2025\/09\/D5S5671-1-683x1024.jpg 683w, https:\/\/www.rokultur.lu\/wp-content\/uploads\/2025\/09\/D5S5671-1-768x1152.jpg 768w, https:\/\/www.rokultur.lu\/wp-content\/uploads\/2025\/09\/D5S5671-1-1024x1536.jpg 1024w, https:\/\/www.rokultur.lu\/wp-content\/uploads\/2025\/09\/D5S5671-1-1365x2048.jpg 1365w, https:\/\/www.rokultur.lu\/wp-content\/uploads\/2025\/09\/D5S5671-1-8x12.jpg 8w, https:\/\/www.rokultur.lu\/wp-content\/uploads\/2025\/09\/D5S5671-1-scaled.jpg 1707w\" sizes=\"(max-width: 200px) 100vw, 200px\" \/><\/a><\/figure>\n\n\n\n<figure class=\"wp-block-image size-medium\"><a href=\"https:\/\/www.rokultur.lu\/wp-content\/uploads\/2025\/09\/D5D9846-scaled.jpg\"><img loading=\"lazy\" decoding=\"async\" width=\"200\" height=\"300\" data-id=\"3820\" src=\"https:\/\/www.rokultur.lu\/wp-content\/uploads\/2025\/09\/D5D9846-200x300.jpg\" alt=\"\" class=\"wp-image-3820\" srcset=\"https:\/\/www.rokultur.lu\/wp-content\/uploads\/2025\/09\/D5D9846-200x300.jpg 200w, https:\/\/www.rokultur.lu\/wp-content\/uploads\/2025\/09\/D5D9846-683x1024.jpg 683w, https:\/\/www.rokultur.lu\/wp-content\/uploads\/2025\/09\/D5D9846-768x1152.jpg 768w, https:\/\/www.rokultur.lu\/wp-content\/uploads\/2025\/09\/D5D9846-1024x1536.jpg 1024w, https:\/\/www.rokultur.lu\/wp-content\/uploads\/2025\/09\/D5D9846-1365x2048.jpg 1365w, https:\/\/www.rokultur.lu\/wp-content\/uploads\/2025\/09\/D5D9846-8x12.jpg 8w, https:\/\/www.rokultur.lu\/wp-content\/uploads\/2025\/09\/D5D9846-scaled.jpg 1707w\" sizes=\"(max-width: 200px) 100vw, 200px\" \/><\/a><\/figure>\n<\/figure>\n\n\n\n<p>J'avais les fleurs pr\u00e9f\u00e9r\u00e9es de la reine, son parfum Mon Budoir, des objets anciens, des foulards peints par Andreea Zahn d'apr\u00e8s les aquarelles de la reine, des photos et des livres qu'elle \u00e9crivait. Mais la soir\u00e9e n'aurait pas \u00e9t\u00e9 compl\u00e8te sans la mousse des Caves Rhein Azuga 1892, la m\u00eame servie lors du couronnement de la reine Mary et du roi Ferdinand en 1922.<\/p>\n\n\n\n<figure class=\"wp-block-gallery has-nested-images columns-default is-cropped wp-block-gallery-3 is-layout-flex wp-block-gallery-is-layout-flex\">\n<figure class=\"wp-block-image size-large\"><a href=\"https:\/\/www.rokultur.lu\/wp-content\/uploads\/2025\/09\/D5S5651-1024x683.jpg\"><img loading=\"lazy\" decoding=\"async\" width=\"1024\" height=\"683\" data-id=\"3824\" src=\"https:\/\/www.rokultur.lu\/wp-content\/uploads\/2025\/09\/D5S5651-1024x683.jpg\" alt=\"\" class=\"wp-image-3824\" srcset=\"https:\/\/www.rokultur.lu\/wp-content\/uploads\/2025\/09\/D5S5651-1024x683.jpg 1024w, https:\/\/www.rokultur.lu\/wp-content\/uploads\/2025\/09\/D5S5651-300x200.jpg 300w, https:\/\/www.rokultur.lu\/wp-content\/uploads\/2025\/09\/D5S5651-768x512.jpg 768w, https:\/\/www.rokultur.lu\/wp-content\/uploads\/2025\/09\/D5S5651-1536x1024.jpg 1536w, https:\/\/www.rokultur.lu\/wp-content\/uploads\/2025\/09\/D5S5651-2048x1365.jpg 2048w, https:\/\/www.rokultur.lu\/wp-content\/uploads\/2025\/09\/D5S5651-18x12.jpg 18w\" sizes=\"(max-width: 1024px) 100vw, 1024px\" \/><\/a><\/figure>\n<\/figure>\n\n\n\n<p>Nous nous sommes efforc\u00e9s de rendre belle et de rapprocher la reine de ceux qui ont pass\u00e9 la soir\u00e9e avec nous.<\/p>\n\n\n\n<p>Nous vous invitons \u00e0 participer \u00e0 l'\u00e9v\u00e9nement \u00e0 travers des photographies prises par&nbsp;<a href=\"https:\/\/www.facebook.com\/DavidGhisaPhotographer\" target=\"_blank\" rel=\"noreferrer noopener\">David Ghisa<\/a>&nbsp;\u00e0 la suite de cette&nbsp;<a href=\"https:\/\/www.facebook.com\/media\/set\/?vanity=100094461082582&amp;set=a.693155443843152\" target=\"_blank\" rel=\"noreferrer noopener\">lien<\/a><\/p>\n\n\n\n<p><\/p>\n\n\n\n<p><\/p>\n\n\n\n<p><\/p>\n\n\n\n<p id=\"ReginaMariaOviatapentruRomania\"><\/p>\n\n\n\n<p><\/p>","protected":false},"excerpt":{"rendered":"<p>Le 25 octobre, nous avons c\u00e9l\u00e9br\u00e9 la reine Marie 150 ans apr\u00e8s sa naissance au Luxembourg. Nous avons \u00e9t\u00e9 rejoints par l'historienne Anita Sterea qui nous a ravis d'histoires sur l'enfance, la jeunesse et la vie de la jeune princesse, devenue reine de la Grande Roumanie.<\/p>","protected":false},"author":1,"featured_media":3831,"comment_status":"closed","ping_status":"closed","sticky":false,"template":"","format":"standard","meta":{"_seopress_robots_primary_cat":"none","_seopress_titles_title":"","_seopress_titles_desc":"Al\u0103turi de istoricul Anita Sterea vom redescoperi personalitatea fascinant\u0103 a Reginei Maria a Rom\u00e2niei \u0219i mo\u0219tenirea cultural\u0103, politic\u0103 \u0219i social\u0103 pe care ne-a l\u0103sat-o.","_seopress_robots_index":"","footnotes":""},"categories":[11],"tags":[33,31],"class_list":["post-3805","post","type-post","status-publish","format-standard","has-post-thumbnail","hentry","category-evenimente","tag-anita-sterea","tag-regina-maria"],"_links":{"self":[{"href":"https:\/\/www.rokultur.lu\/fr\/wp-json\/wp\/v2\/posts\/3805","targetHints":{"allow":["GET"]}}],"collection":[{"href":"https:\/\/www.rokultur.lu\/fr\/wp-json\/wp\/v2\/posts"}],"about":[{"href":"https:\/\/www.rokultur.lu\/fr\/wp-json\/wp\/v2\/types\/post"}],"author":[{"embeddable":true,"href":"https:\/\/www.rokultur.lu\/fr\/wp-json\/wp\/v2\/users\/1"}],"replies":[{"embeddable":true,"href":"https:\/\/www.rokultur.lu\/fr\/wp-json\/wp\/v2\/comments?post=3805"}],"version-history":[{"count":11,"href":"https:\/\/www.rokultur.lu\/fr\/wp-json\/wp\/v2\/posts\/3805\/revisions"}],"predecessor-version":[{"id":3838,"href":"https:\/\/www.rokultur.lu\/fr\/wp-json\/wp\/v2\/posts\/3805\/revisions\/3838"}],"wp:featuredmedia":[{"embeddable":true,"href":"https:\/\/www.rokultur.lu\/fr\/wp-json\/wp\/v2\/media\/3831"}],"wp:attachment":[{"href":"https:\/\/www.rokultur.lu\/fr\/wp-json\/wp\/v2\/media?parent=3805"}],"wp:term":[{"taxonomy":"category","embeddable":true,"href":"https:\/\/www.rokultur.lu\/fr\/wp-json\/wp\/v2\/categories?post=3805"},{"taxonomy":"post_tag","embeddable":true,"href":"https:\/\/www.rokultur.lu\/fr\/wp-json\/wp\/v2\/tags?post=3805"}],"curies":[{"name":"wp","href":"https:\/\/api.w.org\/{rel}","templated":true}]}}